{"id":6965,"date":"2025-09-24T14:56:39","date_gmt":"2025-09-24T12:56:39","guid":{"rendered":"https:\/\/www.ill.najeti.fr\/?p=6965"},"modified":"2026-03-10T10:10:06","modified_gmt":"2026-03-10T09:10:06","slug":"offre-printemps","status":"publish","type":"post","link":"https:\/\/www.ill.najeti.fr\/en\/offre-printemps\/","title":{"rendered":"offre Printemps"},"content":{"rendered":"<div data-elementor-type=\"wp-post\" data-elementor-id=\"6965\" class=\"elementor elementor-6965\" data-elementor-post-type=\"post\">\n\t\t\t\t\t\t<section class=\"elementor-section elementor-top-section elementor-element elementor-element-05dd2aa elementor-reverse-mobile ecrantype1 elementor-section-boxed elementor-section-height-default elementor-section-height-default\" data-id=\"05dd2aa\" data-element_type=\"section\" data-e-type=\"section\" data-settings=\"{&quot;background_background&quot;:&quot;classic&quot;,&quot;_ob_glider_is_slider&quot;:&quot;no&quot;}\">\n\t\t\t\t\t\t<div class=\"elementor-container elementor-column-gap-default\">\n\t\t\t\t\t<div class=\"elementor-column elementor-col-50 elementor-top-column elementor-element elementor-element-2cf0a57 colonne-tablette-vert colonne-image elementor-invisible\" data-id=\"2cf0a57\" data-element_type=\"column\" data-e-type=\"column\" data-settings=\"{&quot;animation&quot;:&quot;fadeIn&quot;,&quot;_ob_column_hoveranimator&quot;:&quot;no&quot;,&quot;_ob_column_has_pseudo&quot;:&quot;no&quot;}\">\n\t\t\t<div class=\"elementor-widget-wrap elementor-element-populated\">\n\t\t\t\t\t\t<section class=\"elementor-section elementor-inner-section elementor-element elementor-element-93f3597 elementor-section-boxed elementor-section-height-default elementor-section-height-default\" data-id=\"93f3597\" data-element_type=\"section\" data-e-type=\"section\" data-settings=\"{&quot;_ob_glider_is_slider&quot;:&quot;no&quot;}\">\n\t\t\t\t\t\t<div class=\"elementor-container elementor-column-gap-default\">\n\t\t\t\t\t<div class=\"elementor-column elementor-col-100 elementor-inner-column elementor-element elementor-element-8335b87\" data-id=\"8335b87\" data-element_type=\"column\" data-e-type=\"column\" data-settings=\"{&quot;_ob_column_hoveranimator&quot;:&quot;no&quot;,&quot;_ob_column_has_pseudo&quot;:&quot;no&quot;}\">\n\t\t\t<div class=\"elementor-widget-wrap elementor-element-populated\">\n\t\t\t\t\t\t<div class=\"elementor-element elementor-element-0c85543 ob-has-background-overlay elementor-widget elementor-widget-image\" data-id=\"0c85543\" data-element_type=\"widget\" data-e-type=\"widget\" data-settings=\"{&quot;_ob_photomorph_use&quot;:&quot;no&quot;,&quot;_ob_widget_stalker_use&quot;:&quot;no&quot;,&quot;_ob_poopart_use&quot;:&quot;yes&quot;,&quot;_ob_shadough_use&quot;:&quot;no&quot;,&quot;_ob_allow_hoveranimator&quot;:&quot;no&quot;}\" data-widget_type=\"image.default\">\n\t\t\t\t<div class=\"elementor-widget-container\">\n\t\t\t\t\t\t\t\t\t\t\t\t\t\t\t<img decoding=\"async\" src=\"https:\/\/www.ill.najeti.fr\/wp-content\/uploads\/elementor\/thumbs\/orangerie-kiosque-rkan7l453bvus2i5nwkwlw2m7zlnapzh4qbu5ys4tm.jpg\" title=\"orangerie-kiosque\" alt=\"orangerie-kiosque\" loading=\"lazy\" \/>\t\t\t\t\t\t\t\t\t\t\t\t\t\t\t<\/div>\n\t\t\t\t<\/div>\n\t\t\t\t\t<\/div>\n\t\t<\/div>\n\t\t\t\t\t<\/div>\n\t\t<\/section>\n\t\t\t\t\t<\/div>\n\t\t<\/div>\n\t\t\t\t<div class=\"elementor-column elementor-col-50 elementor-top-column elementor-element elementor-element-219f415 colonne-tablette-vert inverse elementor-invisible\" data-id=\"219f415\" data-element_type=\"column\" data-e-type=\"column\" data-settings=\"{&quot;animation&quot;:&quot;fadeIn&quot;,&quot;animation_delay&quot;:400,&quot;_ob_column_hoveranimator&quot;:&quot;no&quot;,&quot;_ob_column_has_pseudo&quot;:&quot;no&quot;}\">\n\t\t\t<div class=\"elementor-widget-wrap elementor-element-populated\">\n\t\t\t\t\t\t<div class=\"elementor-element elementor-element-2746c41 ob-harakiri-inherit ob-has-background-overlay elementor-widget elementor-widget-heading\" data-id=\"2746c41\" data-element_type=\"widget\" data-e-type=\"widget\" data-settings=\"{&quot;_ob_use_harakiri&quot;:&quot;yes&quot;,&quot;_ob_harakiri_writing_mode&quot;:&quot;inherit&quot;,&quot;_ob_harakiri_text_clip&quot;:&quot;none&quot;,&quot;_ob_widget_stalker_use&quot;:&quot;no&quot;,&quot;_ob_poopart_use&quot;:&quot;yes&quot;,&quot;_ob_shadough_use&quot;:&quot;no&quot;,&quot;_ob_allow_hoveranimator&quot;:&quot;no&quot;}\" data-widget_type=\"heading.default\">\n\t\t\t\t<div class=\"elementor-widget-container\">\n\t\t\t\t\t<h1 class=\"elementor-heading-title elementor-size-default\">Offre du Printemps !<\/h1>\t\t\t\t<\/div>\n\t\t\t\t<\/div>\n\t\t\t\t<div class=\"elementor-element elementor-element-5a24221 ob-harakiri-inherit ob-has-background-overlay elementor-widget elementor-widget-text-editor\" data-id=\"5a24221\" data-element_type=\"widget\" data-e-type=\"widget\" data-settings=\"{&quot;_ob_use_harakiri&quot;:&quot;yes&quot;,&quot;_ob_harakiri_writing_mode&quot;:&quot;inherit&quot;,&quot;_ob_postman_use&quot;:&quot;no&quot;,&quot;_ob_widget_stalker_use&quot;:&quot;no&quot;,&quot;_ob_poopart_use&quot;:&quot;yes&quot;,&quot;_ob_shadough_use&quot;:&quot;no&quot;,&quot;_ob_allow_hoveranimator&quot;:&quot;no&quot;}\" data-widget_type=\"text-editor.default\">\n\t\t\t\t<div class=\"elementor-widget-container\">\n\t\t\t\t\t\t\t\t\t<div class=\"xdj266r x14z9mp xat24cr x1lziwak x1vvkbs x126k92a\"><div dir=\"auto\"><div><p data-ogsb=\"white\"><span data-ogsc=\"black\" data-olk-copy-source=\"MessageBody\">\u2728<\/span><span data-ogsc=\"black\">\u00a0<b data-ogsc=\"\">Escapade strasbourgeoise \u00e0 l\u2019H\u00f4tel de l\u2019Ill<\/b><\/span><\/p><p data-ogsb=\"white\">\u00a0<\/p><p data-ogsb=\"white\">\u00a0<\/p><\/div><div><p data-ogsb=\"white\"><span data-ogsc=\"black\">Envie d\u2019une parenth\u00e8se au c\u0153ur de Strasbourg, entre charme historique et balades au vert ?<\/span><\/p><p data-ogsb=\"white\">\u00a0<\/p><p data-ogsb=\"white\"><span data-ogsc=\"black\"><br \/>Installez-vous \u00e0 l\u2019H\u00f4tel de l\u2019Ill, id\u00e9alement situ\u00e9 \u00e0 deux pas des berges\u2026 et laissez la ville vous guider.<\/span><\/p><p data-ogsb=\"white\">\u00a0<\/p><\/div><div><p data-ogsb=\"white\"><b><span data-ogsc=\"black\">Le s\u00e9jour comprend :<\/span><\/b><span data-ogsc=\"black\"><br \/><\/span><span data-ogsc=\"black\">\ud83d\udecf\ufe0f<\/span><span data-ogsc=\"black\">\u00a0Une nuit en chambre double<br \/><\/span><span data-ogsc=\"black\">\ud83e\udd50<\/span><span data-ogsc=\"black\">\u00a0Un petit-d\u00e9jeuner gourmand et g\u00e9n\u00e9reux, aux saveurs de notre belle r\u00e9gion alsacienne<br \/><\/span><span data-ogsc=\"black\">\ud83c\udf81<\/span><span data-ogsc=\"black\">\u00a0Une surprise r\u00e9gionale vous attend dans votre chambre<\/span><\/p><p data-ogsb=\"white\">\u00a0<\/p><p data-ogsb=\"white\">\u00a0<\/p><\/div><div><p data-ogsb=\"white\"><span data-ogsc=\"black\">Depuis l\u2019h\u00f4tel, partez \u00e0 pied longer les berges de l\u2019Ill et d\u00e9couvrez les tr\u00e9sors de la ville :<br \/><\/span><span data-ogsc=\"black\">\u26ea<\/span><span data-ogsc=\"black\">\u00a0la Cath\u00e9drale Notre-Dame de Strasbourg<br \/><\/span><span data-ogsc=\"black\">\ud83c\udfd8\ufe0f<\/span><span data-ogsc=\"black\">\u00a0le quartier pittoresque de la Petite France<br \/><\/span><span data-ogsc=\"black\">\ud83c\udf09<\/span><span data-ogsc=\"black\">\u00a0les quais historiques et leurs fa\u00e7ades embl\u00e9matiques.<\/span><\/p><p data-ogsb=\"white\">\u00a0<\/p><\/div><div><p data-ogsb=\"white\"><span data-ogsc=\"black\">Prolongez votre escapade avec :<br \/><\/span><span data-ogsc=\"black\">\ud83c\udf33<\/span><span data-ogsc=\"black\">\u00a0une balade au Parc de l\u2019Orangerie, le plus grand et ancien parc de Strasbourg<br \/><\/span><span data-ogsc=\"black\">\ud83c\udf0d<\/span><span data-ogsc=\"black\">\u00a0une promenade au Jardin des Deux Rives : traversez le Rhin \u00e0 pied et passez de la France \u00e0 l\u2019Allemagne en quelques minutes.<\/span><\/p><p data-ogsb=\"white\">\u00a0<\/p><\/div><div><p data-ogsb=\"white\"><span data-ogsc=\"black\">\ud83d\udcab<\/span><span data-ogsc=\"black\">\u00a0<b data-ogsc=\"\">S\u00e9jour \u00e0 partir de 139 \u20ac Net TTC &#8211; Offre valable jusqu&rsquo;au 21 juin 2026 inclus.<\/b><\/span><\/p><\/div><\/div><\/div>\t\t\t\t\t\t\t\t<\/div>\n\t\t\t\t<\/div>\n\t\t\t\t<div class=\"elementor-element elementor-element-073d6e5 btn-maillage elementor-mobile-align-center ob-has-background-overlay ob-is-butterbutton elementor-widget elementor-widget-button\" data-id=\"073d6e5\" data-element_type=\"widget\" data-e-type=\"widget\" data-settings=\"{&quot;_ob_butterbutton_use_it&quot;:&quot;yes&quot;,&quot;_ob_widget_stalker_use&quot;:&quot;no&quot;,&quot;_ob_poopart_use&quot;:&quot;yes&quot;,&quot;_ob_shadough_use&quot;:&quot;no&quot;,&quot;_ob_allow_hoveranimator&quot;:&quot;no&quot;}\" data-widget_type=\"button.default\">\n\t\t\t\t<div class=\"elementor-widget-container\">\n\t\t\t\t\t\t\t\t\t<div class=\"elementor-button-wrapper\">\n\t\t\t\t\t<a class=\"elementor-button elementor-button-link elementor-size-sm\" href=\"https:\/\/www.secure-hotel-booking.com\/d-edge\/Hotel-de-l-Ill\/JJ7N\/fr\/DateSelection\" target=\"_blank\" rel=\"nofollow noopener\">\n\t\t\t\t\t\t<span class=\"elementor-button-content-wrapper\">\n\t\t\t\t\t\t\t\t\t<span class=\"elementor-button-text\">book<\/span>\n\t\t\t\t\t<\/span>\n\t\t\t\t\t<\/a>\n\t\t\t\t<\/div>\n\t\t\t\t\t\t\t\t<\/div>\n\t\t\t\t<\/div>\n\t\t\t\t\t<\/div>\n\t\t<\/div>\n\t\t\t\t\t<\/div>\n\t\t<\/section>\n\t\t\t\t<\/div>","protected":false},"excerpt":{"rendered":"<p>Offre du Printemps ! \u2728\u00a0Escapade strasbourgeoise \u00e0 l\u2019H\u00f4tel de l\u2019Ill \u00a0 \u00a0 Envie d\u2019une parenth\u00e8se au c\u0153ur de Strasbourg, entre charme historique et balades au vert ? \u00a0 Installez-vous \u00e0 l\u2019H\u00f4tel de l\u2019Ill, id\u00e9alement situ\u00e9 \u00e0 deux pas des berges\u2026 et laissez la ville vous guider. \u00a0 Le s\u00e9jour comprend :\ud83d\udecf\ufe0f\u00a0Une nuit en chambre double\ud83e\udd50\u00a0Un [&hellip;]<\/p>\n","protected":false},"author":15,"featured_media":7121,"comment_status":"closed","ping_status":"open","sticky":false,"template":"","format":"standard","meta":{"_acf_changed":false,"inline_featured_image":false,"footnotes":""},"categories":[25],"tags":[],"class_list":["post-6965","post","type-post","status-publish","format-standard","has-post-thumbnail","hentry","category-offre-speciale"],"acf":[],"_links":{"self":[{"href":"https:\/\/www.ill.najeti.fr\/en\/wp-json\/wp\/v2\/posts\/6965","targetHints":{"allow":["GET"]}}],"collection":[{"href":"https:\/\/www.ill.najeti.fr\/en\/wp-json\/wp\/v2\/posts"}],"about":[{"href":"https:\/\/www.ill.najeti.fr\/en\/wp-json\/wp\/v2\/types\/post"}],"author":[{"embeddable":true,"href":"https:\/\/www.ill.najeti.fr\/en\/wp-json\/wp\/v2\/users\/15"}],"replies":[{"embeddable":true,"href":"https:\/\/www.ill.najeti.fr\/en\/wp-json\/wp\/v2\/comments?post=6965"}],"version-history":[{"count":14,"href":"https:\/\/www.ill.najeti.fr\/en\/wp-json\/wp\/v2\/posts\/6965\/revisions"}],"predecessor-version":[{"id":7122,"href":"https:\/\/www.ill.najeti.fr\/en\/wp-json\/wp\/v2\/posts\/6965\/revisions\/7122"}],"wp:featuredmedia":[{"embeddable":true,"href":"https:\/\/www.ill.najeti.fr\/en\/wp-json\/wp\/v2\/media\/7121"}],"wp:attachment":[{"href":"https:\/\/www.ill.najeti.fr\/en\/wp-json\/wp\/v2\/media?parent=6965"}],"wp:term":[{"taxonomy":"category","embeddable":true,"href":"https:\/\/www.ill.najeti.fr\/en\/wp-json\/wp\/v2\/categories?post=6965"},{"taxonomy":"post_tag","embeddable":true,"href":"https:\/\/www.ill.najeti.fr\/en\/wp-json\/wp\/v2\/tags?post=6965"}],"curies":[{"name":"wp","href":"https:\/\/api.w.org\/{rel}","templated":true}]}}